{"id":1652,"date":"2021-01-27T15:15:51","date_gmt":"2021-01-27T14:15:51","guid":{"rendered":"http:\/\/miniprojets.net\/?p=1652"},"modified":"2023-04-04T23:09:01","modified_gmt":"2023-04-04T21:09:01","slug":"etude-de-la-teneur-en-co-au-sein-dune-habitation-classique","status":"publish","type":"post","link":"https:\/\/miniprojets.net\/index.php\/2021\/01\/27\/etude-de-la-teneur-en-co-au-sein-dune-habitation-classique\/","title":{"rendered":"\u00c9tude de la teneur en CO au sein d\u2019une habitation classique"},"content":{"rendered":"\n<p> Written by Marco Autiero, ENSE3 groupe Grenoble INP, <a href=\"mailto:marco.autiero@grenoble-inp.org\">marco.autiero@grenoble-inp.org<\/a><\/p>\n\n\n\n<p class=\"has-large-font-size\"><strong>RESUME<\/strong><\/p>\n\n\n\n<p>Dans le cadre de cette derni\u00e8re p\u00e9riode, les personnes ont \u00e9t\u00e9 amen\u00e9es \u00e0 rester longtemps confin\u00e9es chez elles. Il est d\u00e8s lors d\u2019autant plus important de s&#8217;assurer que le domicile soit un endroit sain.&nbsp; Cet article pr\u00e9sente une \u00e9tude de la qualit\u00e9 de l\u2019air d\u2019une maison familiale classique qui a accept\u00e9 de doter son domicile de nombreux capteurs (projet EXPE-Smarthouse) dont les donn\u00e9es sont accessibles en open-source. Il sera question d\u2019\u00e9tudier la variation du taux de CO<sub>2<\/sub> au cours de la journ\u00e9e.<\/p>\n\n\n\n<p>MOTS-CLES : qualit\u00e9 de l\u2019air, smart house, sant\u00e9<\/p>\n\n\n\n<p class=\"has-large-font-size\"><strong>ABSTRACT<\/strong><\/p>\n\n\n\n<p>During the last months, people were locked down at home for a long time. Therefore it is even more important to make sure that the home is a healthy place. This article is about air quality in a standard house that accepted to be equipped with sensors (EXPE-Smarthouse project) whose measurements are accessible in open source. The evolution of the CO<sub>2<\/sub> concentration will be studied along the day.<\/p>\n\n\n\n<p>KEYWORDS : air quality, smart house, health<\/p>\n\n\n\n<p class=\"has-large-font-size\"><strong>Introduction<\/strong><\/p>\n\n\n\n<p>Le taux de CO<sub>2<\/sub> dans l\u2019air n\u2019a cess\u00e9 d\u2019augmenter depuis la r\u00e9volution industrielle. Il atteint aujourd\u2019hui 415 ppm [1]. A part l\u2019effet de serre et donc le d\u00e9r\u00e8glement climatique qu\u2019il engendre le CO<sub>2<\/sub> est consid\u00e9r\u00e9 comme globalement inoffensif pour la sant\u00e9. Cependant en espace confin\u00e9 le taux de CO<sub>2<\/sub> peut atteindre des valeurs sensiblement plus \u00e9lev\u00e9es qu\u2019\u00e0 l\u2019air libre qui peuvent \u00eatre dangereuses m\u00eame pour la sant\u00e9. L\u2019agence f\u00e9d\u00e9rale am\u00e9ricaine charg\u00e9e de la s\u00e9curit\u00e9 et la sant\u00e9 au travail (NIOSH) consid\u00e8re qu\u2019un taux de 1000 ppm de CO<sub>2<\/sub> est synonyme d\u2019une mauvaise a\u00e9ration et commence \u00e0 \u00eatre n\u00e9faste. Les effets d\u2019un taux trop \u00e9lev\u00e9 sont multiples : c\u00e9phal\u00e9es, difficult\u00e9s de prise de d\u00e9cision, sensibilit\u00e9 \u00e9motionnelle accrue et baisse de la concentration [2] . Une concentration trop \u00e9lev\u00e9e peut aussi repr\u00e9senter un facteur de risque pour l\u2019asthme. En particulier l\u2019\u00e9tude du laboratoire Berkeley Lab [3] montre que d\u00e9j\u00e0 \u00e0 partir d\u2019un taux de 1000 ppm les effets sur le corps humain sont visibles.<\/p>\n\n\n\n<div class=\"wp-block-image\"><figure class=\"aligncenter size-large\"><img loading=\"lazy\" decoding=\"async\" width=\"792\" height=\"578\" src=\"https:\/\/miniprojets.net\/wp-content\/uploads\/2021\/01\/image-44.png\" alt=\"\" class=\"wp-image-1654\" srcset=\"https:\/\/miniprojets.net\/wp-content\/uploads\/2021\/01\/image-44.png 792w, https:\/\/miniprojets.net\/wp-content\/uploads\/2021\/01\/image-44-300x219.png 300w, https:\/\/miniprojets.net\/wp-content\/uploads\/2021\/01\/image-44-768x560.png 768w\" sizes=\"auto, (max-width: 792px) 100vw, 792px\" \/><\/figure><\/div>\n\n\n\n<p class=\"has-text-align-center\">fig 1.1 tableau repr\u00e9sentant l\u2019impact du CO<sub>2<\/sub> sur le cerveau humain.<\/p>\n\n\n\n<p>D\u00e8s lors on peut se demander, surtout suite aux p\u00e9riodes prolong\u00e9es de confinement, comment \u00e9volue la teneur en CO<sub>2<\/sub> au cours de la journ\u00e9e dans un espace clos et si les limites sanitaires peuvent \u00eatre d\u00e9pass\u00e9es.<\/p>\n\n\n\n<p class=\"has-large-font-size\"><strong>Plateforme exp\u00e9rimentale<\/strong><\/p>\n\n\n\n<p>Pour recueillir les donn\u00e9es de CO<sub>2<\/sub> on utilise le projet EXPE-smarthouse. Commenc\u00e9 en 2018 il consiste en une maison de 120 m\u00b2 r\u00e9ellement habit\u00e9e comprenant plus de 300 capteurs diff\u00e9rents, permettant de collecter les donn\u00e9es de plusieurs grandeurs physiques [4]. Ces donn\u00e9es sont ensuite en libre acc\u00e8s sur le service Grafana et disponible pour plusieurs laboratoires. Pour notre \u00e9tude, on va s\u2019int\u00e9resser aux capteurs de CO<sub>2<\/sub> de type Netatmo [5], aux thermom\u00e8tres et aux capteurs d\u2019ouvertures des fen\u00eatres. Les donn\u00e9es sont recueillies du 29\/12\/2020 au 05\/01\/2021.<\/p>\n\n\n\n<p class=\"has-large-font-size\"><strong>Protocole exp\u00e9rimental<\/strong><\/p>\n\n\n\n<p>On r\u00e9cup\u00e8re les donn\u00e9es voulues sur la plateforme Grafana sous format csv pour les importer ensuite dans un notebook Python tel que Kaggle. Les donn\u00e9es sont sous forme de tableau avec une colonne d\u2019index temporel et plusieurs colonnes correspondant aux donn\u00e9es mesur\u00e9es par le capteur de chaque pi\u00e8ce. On utilise la biblioth\u00e8que Pandas pour traiter ce format de donn\u00e9es. On constate que des mesures sont manquantes pour certains index temporels. On utilise la fonction de Pandas fillna() pour attribuer une valeur l\u00e0 o\u00f9 la mesure est absente. On choisit la m\u00e9thode de fillna() \u2018backfill\u2019 qui correspond \u00e0 utiliser la valeur juste apr\u00e8s l\u2019index de celle manquante. Une fois apr\u00e8s avoir obtenu une mesure pour chaque index on convertit les valeurs temporelles en un format datetime qui soit interpr\u00e9table par Python.<\/p>\n\n\n\n<p class=\"has-large-font-size\"><strong>Mod\u00e8le th\u00e9orique<\/strong><\/p>\n\n\n\n<p>D\u2019apr\u00e8s [7] la production moyenne de CO<sub>2<\/sub> pour un individu au repos (85W) est de 16 L\/heure. La production de CO<sub>2<\/sub> est donc de&nbsp; 16E6\/V ppm par heure et par personne o\u00f9 V d\u00e9signe le volume de la pi\u00e8ce en L.<\/p>\n\n\n\n<p>Dans une chambre parfaitement isol\u00e9e, le taux de CO<sub>2<\/sub> devrait augmenter lin\u00e9airement et atteindre au bout d\u2019un certain temps des valeurs suffisantes pour provoquer l&#8217;asphyxie de ses occupants. En r\u00e9alit\u00e9 l\u2019isolation n\u2019est jamais totale et il existe toujours un volume d\u2019air \u00e9chang\u00e9 avec l&#8217;ext\u00e9rieur qu\u2019on va appeler R (L\/h).<\/p>\n\n\n\n<p>Le taux de CO<sub>2<\/sub> dans la chambre va alors tendre vers une valeur d\u2019\u00e9quilibre (comme on peut constater dans la figure 4.1) o\u00f9 la production de CO<sub>2<\/sub> par ses occupants va \u00eatre \u00e9gale \u00e0 la quantit\u00e9 de CO<sub>2<\/sub> \u00e9chang\u00e9e avec l\u2019air ext\u00e9rieur. Le taux d&#8217;\u00e9vacuation du CO<sub>2<\/sub> va \u00eatre \u00e9gal au volume d\u2019air \u00e9chang\u00e9 avec l&#8217;ext\u00e9rieur R normalis\u00e9 par le volume de la pi\u00e8ce V et multipli\u00e9 par la diff\u00e9rence de taux de CO<sub>2<\/sub> entre l\u2019int\u00e9rieur C et l\u2019ext\u00e9rieur de la chambre E.<\/p>\n\n\n\n<div class=\"wp-block-image\"><figure class=\"aligncenter size-large\"><img loading=\"lazy\" decoding=\"async\" width=\"573\" height=\"72\" src=\"https:\/\/miniprojets.net\/wp-content\/uploads\/2021\/01\/image-45.png\" alt=\"\" class=\"wp-image-1655\" srcset=\"https:\/\/miniprojets.net\/wp-content\/uploads\/2021\/01\/image-45.png 573w, https:\/\/miniprojets.net\/wp-content\/uploads\/2021\/01\/image-45-300x38.png 300w\" sizes=\"auto, (max-width: 573px) 100vw, 573px\" \/><\/figure><\/div>\n\n\n\n<p>On d\u00e9termine alors simplement le taux de CO<sub>2<\/sub> maximal atteint en fonction du volume de la chambre, de l\u2019a\u00e9ration et de la production de CO<sub>2<\/sub>.<\/p>\n\n\n\n<div class=\"wp-block-image\"><figure class=\"aligncenter size-large\"><img loading=\"lazy\" decoding=\"async\" width=\"286\" height=\"62\" src=\"https:\/\/miniprojets.net\/wp-content\/uploads\/2021\/01\/image-46.png\" alt=\"\" class=\"wp-image-1656\"\/><\/figure><\/div>\n\n\n\n<div class=\"wp-block-image\"><figure class=\"aligncenter size-large\"><img loading=\"lazy\" decoding=\"async\" width=\"731\" height=\"430\" src=\"https:\/\/miniprojets.net\/wp-content\/uploads\/2021\/01\/image-47.png\" alt=\"\" class=\"wp-image-1657\" srcset=\"https:\/\/miniprojets.net\/wp-content\/uploads\/2021\/01\/image-47.png 731w, https:\/\/miniprojets.net\/wp-content\/uploads\/2021\/01\/image-47-300x176.png 300w\" sizes=\"auto, (max-width: 731px) 100vw, 731px\" \/><\/figure><\/div>\n\n\n\n<p class=\"has-text-align-center\">Figure 4.1 : Exemple de calcul de l\u2019\u00e9volution du taux de CO<sub>2<\/sub> pour diff\u00e9rentes conditions d\u2019a\u00e9ration (L\/s) dans une chambre de 21m\u00b3 pour une dur\u00e9e de 8h (figure extraite du document [6])<\/p>\n\n\n\n<p>Pour cet article un outil de simulation num\u00e9rique d\u00e9crivant, par des pas de temps discr\u00e9tis\u00e9s,&nbsp; l\u2019\u00e9volution temporelle du taux de CO<sub>2<\/sub> dans une chambre a \u00e9t\u00e9 mis en place (fig 4.2). L\u2019objectif \u00e9tant d&#8217;essayer de reproduire les mesures r\u00e9elles de la plateforme EXPE-Smarthouse.<\/p>\n\n\n\n<div class=\"wp-block-image\"><figure class=\"aligncenter size-large\"><img loading=\"lazy\" decoding=\"async\" width=\"803\" height=\"460\" src=\"https:\/\/miniprojets.net\/wp-content\/uploads\/2021\/01\/image-48.png\" alt=\"\" class=\"wp-image-1658\" srcset=\"https:\/\/miniprojets.net\/wp-content\/uploads\/2021\/01\/image-48.png 803w, https:\/\/miniprojets.net\/wp-content\/uploads\/2021\/01\/image-48-300x172.png 300w, https:\/\/miniprojets.net\/wp-content\/uploads\/2021\/01\/image-48-768x440.png 768w\" sizes=\"auto, (max-width: 803px) 100vw, 803px\" \/><\/figure><\/div>\n\n\n\n<p class=\"has-text-align-center\">fig 4.2 : simulation de l\u2019\u00e9volution du taux de CO<sub>2<\/sub> dans une chambre de 50m\u00b3 et une a\u00e9ration de 5L\/s pour une valeur initiale de 1000 ppm.<\/p>\n\n\n\n<p class=\"has-large-font-size\"><strong>Analyse des r\u00e9sultats<\/strong><\/p>\n\n\n\n<p>On trace les taux de CO<sub>2<\/sub> pour la chambre 2 et 3, le deuxi\u00e8me \u00e9tage et le salon :<\/p>\n\n\n\n<p>On retrouve un profil de courbe compatible avec le mod\u00e8le th\u00e9orique.<\/p>\n\n\n\n<div class=\"wp-block-image\"><figure class=\"aligncenter size-large\"><img loading=\"lazy\" decoding=\"async\" width=\"1024\" height=\"516\" src=\"https:\/\/miniprojets.net\/wp-content\/uploads\/2021\/01\/image-49-1024x516.png\" alt=\"\" class=\"wp-image-1659\" srcset=\"https:\/\/miniprojets.net\/wp-content\/uploads\/2021\/01\/image-49-1024x516.png 1024w, https:\/\/miniprojets.net\/wp-content\/uploads\/2021\/01\/image-49-300x151.png 300w, https:\/\/miniprojets.net\/wp-content\/uploads\/2021\/01\/image-49-768x387.png 768w, https:\/\/miniprojets.net\/wp-content\/uploads\/2021\/01\/image-49.png 1121w\" sizes=\"auto, (max-width: 1024px) 100vw, 1024px\" \/><\/figure><\/div>\n\n\n\n<p class=\"has-text-align-center\">fig 5.1 repr\u00e9sentation des taux de CO2 du 01\/01 au 05\/01<\/p>\n\n\n\n<p>On constate que tous les capteurs enregistrent plus ou moins longtemps des taux sup\u00e9rieurs \u00e0 la valeur maximale conseill\u00e9e. En particulier la chambre 3 atteint 150% de la valeur normale et la chambre 2 atteint plus de 2000 ppm. La deuxi\u00e8me observation est que le taux de CO<sub>2<\/sub> est p\u00e9riodique et subit de brusque variation \u00e0 la baisse environ 1 fois par jour. De plus, pendant certaines heures du jour l\u2019\u00e9volution du taux de CO<sub>2<\/sub> est inversement corr\u00e9l\u00e9 entre les 2 chambres et les deux autres pi\u00e8ces. Cette observation est due au d\u00e9placement des personnes entre les pi\u00e8ces. Enfin le taux de CO<sub>2<\/sub> augmente plus rapidement dans la chambre 3 que la chambre 2.<\/p>\n\n\n\n<p class=\"has-medium-font-size\"><strong>1) Phase ascendante<\/strong><\/p>\n\n\n\n<p>On consid\u00e8re la p\u00e9riode de 24h (\u20182021-01-01 12:00:00\u2019 \u00e0 &#8216;2021-01-02 12:00:00&#8217;).<\/p>\n\n\n\n<div class=\"wp-block-image\"><figure class=\"aligncenter size-large\"><img loading=\"lazy\" decoding=\"async\" width=\"870\" height=\"439\" src=\"https:\/\/miniprojets.net\/wp-content\/uploads\/2021\/01\/image-50.png\" alt=\"\" class=\"wp-image-1660\" srcset=\"https:\/\/miniprojets.net\/wp-content\/uploads\/2021\/01\/image-50.png 870w, https:\/\/miniprojets.net\/wp-content\/uploads\/2021\/01\/image-50-300x151.png 300w, https:\/\/miniprojets.net\/wp-content\/uploads\/2021\/01\/image-50-768x388.png 768w\" sizes=\"auto, (max-width: 870px) 100vw, 870px\" \/><\/figure><\/div>\n\n\n\n<p class=\"has-text-align-center\">fig 5.2 \u00e9tude des taux de CO<sub>2<\/sub> centr\u00e9e sur la p\u00e9riode nocturne<\/p>\n\n\n\n<p>A 20h le taux de CO<sub>2<\/sub> dans la chambre 3 est \u00e9gal \u00e0 celui dans la chambre 2 et vaut 1100 ppm. Ensuite en 11h il va passer \u00e0 2100 ppm pour la chambre 2 et 1500 ppm pour la chambre 3. On d\u00e9finit les vitesses moyennes de variation sur la p\u00e9riode nocturne :<\/p>\n\n\n\n<p>vitesse_chambre2 ~ 86,5 ppm\/h<\/p>\n\n\n\n<p>vitesse_chambre3 ~ 32 ppm\/h<\/p>\n\n\n\n<p>En consid\u00e9rant les horaires, on peut supposer que les personnes sont entrain de dormir pendant cet intervalle de temps. La&nbsp; diff\u00e9rence de la vitesse de variation des taux de CO<sub>2<\/sub> peut avoir plusieurs explication :<\/p>\n\n\n\n<ol class=\"wp-block-list\" type=\"1\"><li>Les deux pi\u00e8ces ont un volume et des conditions comparables mais il y a plus de personnes dormant dans la chambre 2.<\/li><\/ol>\n\n\n\n<ul class=\"wp-block-list\"><li>Le volume de la pi\u00e8ce 2 est plus grand mais le nombre de personnes dormant dans les 2 pi\u00e8ces et l\u2019a\u00e9ration sont comparables.<\/li><\/ul>\n\n\n\n<ul class=\"wp-block-list\"><li>L\u2019a\u00e9ration des pi\u00e8ces est diff\u00e9rente<\/li><\/ul>\n\n\n\n<ul class=\"wp-block-list\"><li>Un ensemble des trois explications pr\u00e9c\u00e9dentes.<\/li><\/ul>\n\n\n\n<p>Afin de d\u00e9terminer l\u2019explication exacte il suffirait de conna\u00eetre deux de ces 3 param\u00e8tres. Ce graphique permet cependant de se rendre compte que les taux de CO<sub>2<\/sub> potentiellement n\u00e9fastes sont atteint pendant le sommeil des personnes. En effet les personnes restent immobiles dans une m\u00eame pi\u00e8ce il y a donc accumulation du CO<sub>2<\/sub> produit par la respiration. On calcule la vitesse d\u2019\u00e9volution du taux de 20:00 \u00e0 07:00 pour les 2 chambres et plusieurs nuits. On constate des variation importantes :<\/p>\n\n\n\n<figure class=\"wp-block-table\"><table><tbody><tr><td>&nbsp;<\/td><td>01-02<\/td><td>02-03<\/td><td>03-04<\/td><td>04-05<\/td><\/tr><tr><td>chambre 2<\/td><td>86,5 ppm\/h<\/td><td>106 ppm\/h<\/td><td>112,6 ppm\/h<\/td><td>108,2 ppm\/h<\/td><\/tr><tr><td>chambre 3<\/td><td>33,5 ppm\/h<\/td><td>51,3 ppm\/h<\/td><td>63,5 ppm\/h<\/td><td>37,8 ppm\/h<\/td><\/tr><tr><td>rapport<\/td><td>2,58<\/td><td>2,06<\/td><td>1,77<\/td><td>2,86<\/td><\/tr><\/tbody><\/table><\/figure>\n\n\n\n<p>La mesure des variations du taux de CO<sub>2<\/sub> est tr\u00e8s complexe du fait des multiples param\u00e8tres non pris en compte qui peuvent affecter l\u2019\u00e9mission de CO<sub>2<\/sub> de chaque personne (m\u00e9tabolisme, heure du couch\u00e9, alimentation[7]). De plus l\u2019incertitude syst\u00e9matique sur la mesure de CO<sub>2<\/sub> est de 50 ppm selon le constructeur [5]<\/p>\n\n\n\n<p class=\"has-medium-font-size\"><strong>2) Phase descendante<\/strong><\/p>\n\n\n\n<p>A partir d\u2019environ 7h du matin le taux de CO<sub>2<\/sub> chute drastiquement pour les 2 chambres pour revenir \u00e0 environ 450 ppm. Cette baisse est s\u00fbrement due aux personnes qui se r\u00e9veillent et quittent la pi\u00e8ce. Cependant si on regarde l\u2019\u00e9volution du taux de CO<sub>2<\/sub> pendant la nuit dans le salon (on consid\u00e8re que personne est pr\u00e9sent la nuit dans le salon) sur plusieurs jour on obtient le tableau suivant:<\/p>\n\n\n\n<figure class=\"wp-block-table\"><table><tbody><tr><td>&nbsp;<\/td><td>01-02<\/td><td>02-03<\/td><td>03-04<\/td><td>04-05<\/td><\/tr><tr><td>Salon<\/td><td>-71 ppm\/h<\/td><td>-53&nbsp; ppm\/h<\/td><td>-44 ppm\/h<\/td><td>-34 ppm\/h<\/td><\/tr><\/tbody><\/table><\/figure>\n\n\n\n<p>Le taux de CO<sub>2<\/sub> est minor\u00e9 par 450 ppm. La vitesse moyenne calcul\u00e9e varie donc \u00e0 cause du taux de CO<sub>2<\/sub> en fin de soir\u00e9e qui est diff\u00e9rent chaque jour.<\/p>\n\n\n\n<p>On consid\u00e8re la journ\u00e9e du 04\/01. Le matin on constate qu\u2019\u00e0 partir de 7h30 le taux de CO<sub>2<\/sub> en chambre 2 est divis\u00e9 par 2 en moins de 10 minutes, cette variation est beaucoup plus rapide que celles enregistr\u00e9es la nuit dans le salon. On en d\u00e9duit que les chambres sont a\u00e9r\u00e9es. Effectivement si on regarde les capteurs de temp\u00e9rature et d\u2019ouverture de fen\u00eatre en chambre 2 on voit que la fen\u00eatre est ouverte \u00e0 7h29 pour une dur\u00e9e de 12 minutes.<\/p>\n\n\n\n<div class=\"wp-block-image\"><figure class=\"aligncenter size-large\"><img loading=\"lazy\" decoding=\"async\" width=\"907\" height=\"487\" src=\"https:\/\/miniprojets.net\/wp-content\/uploads\/2021\/01\/image-51.png\" alt=\"\" class=\"wp-image-1661\" srcset=\"https:\/\/miniprojets.net\/wp-content\/uploads\/2021\/01\/image-51.png 907w, https:\/\/miniprojets.net\/wp-content\/uploads\/2021\/01\/image-51-300x161.png 300w, https:\/\/miniprojets.net\/wp-content\/uploads\/2021\/01\/image-51-768x412.png 768w\" sizes=\"auto, (max-width: 907px) 100vw, 907px\" \/><\/figure><\/div>\n\n\n\n<p class=\"has-text-align-center\">fig 5.3 variation du taux de CO<sub>2<\/sub> en fonction de l\u2019\u00e9tat de la fen\u00eatre et de la temp\u00e9rature de la chambre 2 de 7h \u00e0 8h<\/p>\n\n\n\n<p>D\u00e8s la fermeture de la fen\u00eatre un peu apr\u00e8s 7h40 le taux de CO<sub>2<\/sub> diminue plus lentement et va atteindre une valeur normale de 450 ppm apr\u00e8s une heure.<\/p>\n\n\n\n<div class=\"wp-block-image\"><figure class=\"aligncenter size-large\"><img loading=\"lazy\" decoding=\"async\" width=\"932\" height=\"488\" src=\"https:\/\/miniprojets.net\/wp-content\/uploads\/2021\/01\/image-52.png\" alt=\"\" class=\"wp-image-1662\" srcset=\"https:\/\/miniprojets.net\/wp-content\/uploads\/2021\/01\/image-52.png 932w, https:\/\/miniprojets.net\/wp-content\/uploads\/2021\/01\/image-52-300x157.png 300w, https:\/\/miniprojets.net\/wp-content\/uploads\/2021\/01\/image-52-768x402.png 768w\" sizes=\"auto, (max-width: 932px) 100vw, 932px\" \/><\/figure><\/div>\n\n\n\n<p class=\"has-text-align-center\">fig 5.4&nbsp; variation du taux de CO<sub>2<\/sub> en fonction de l\u2019\u00e9tat de la fen\u00eatre et de la temp\u00e9rature de la chambre 2 de 7h \u00e0 10h.<\/p>\n\n\n\n<p>Ces r\u00e9sultats montrent l\u2019importance d&#8217;a\u00e9rer les chambres pour r\u00e9duire la teneur de CO<sub>2<\/sub> dans l\u2019air. De plus, on constate que l\u2019air int\u00e9rieur met tr\u00e8s peu de temps suite \u00e0 l\u2019ouverture de la fen\u00eatre pour revenir \u00e0 des valeurs de dioxyde de carbone normale.<\/p>\n\n\n\n<p>Les donn\u00e9es et le code utilis\u00e9es pour cette \u00e9tude sont disponibles dans le fichier smart-house.ipynb.<\/p>\n\n\n\n<p class=\"has-large-font-size\"><strong>Conclusion<\/strong><\/p>\n\n\n\n<p>La plateforme exp\u00e9rimentale EXPE-Smarthouse a permis gr\u00e2ce \u00e0 ses relev\u00e9s de concentration de CO<sub>2<\/sub> de d\u00e9terminer qu\u2019une valeur dangereuse de CO<sub>2<\/sub> est atteinte pendant la nuit dans les chambres. N\u00e9anmoins, ouvrir les fen\u00eatres quelques minutes avant de se coucher permettrait de garder des taux de CO<sub>2<\/sub> plus faibles. Le taux de CO<sub>2<\/sub> est aussi tr\u00e8s d\u00e9pendant de l\u2019occupation d\u2019une pi\u00e8ce et diminue naturellement quand il n\u2019y a aucun occupant pour en produire. Pour aller plus loin dans cette \u00e9tude on pourrait munir la plateforme exp\u00e9rimentale de capteur de particules fines. En effet, elles repr\u00e9sentent une plus grande menace que la teneur en CO<sub>2<\/sub> et il serait int\u00e9ressant de conna\u00eetre comment leur taux \u00e9volue au sein d\u2019une maison.<\/p>\n\n\n\n<p class=\"has-large-font-size\"><strong>BIBLIOGRAPHIE<\/strong><\/p>\n\n\n\n<p>&nbsp;1.&nbsp; <a href=\"https:\/\/www.nationalgeographic.fr\/auteur\/arnaud-sacleux\">Arnaud S<\/a>acleux&nbsp; \u201cLe niveau de CO<sub>2<\/sub> dans l\u2019atmosph\u00e8re bat un record vieux de 3 millions d\u2019ann\u00e9es\u201d <a href=\"https:\/\/www.nationalgeographic.fr\/environment\/2019\/04\/le-niveau-de-co2-dans-latmosphere-bat-un-record-vieux-de-3-millions-dannees\">https:\/\/www.nationalgeographic.fr\/environment\/2019\/04\/le-niveau-de-co2-dans-latmosphere-bat-un-record-vieux-de-3-millions-dannees<\/a><\/p>\n\n\n\n<p>2. NASA technical report<\/p>\n\n\n\n<p><a href=\"https:\/\/web.archive.org\/web\/20110627061502\/http:\/\/ston.jsc.nasa.gov\/collections\/TRS\/_techrep\/TP-2010-216126.pdf\">https:\/\/web.archive.org\/web\/20110627061502\/http:\/\/ston.jsc.nasa.gov\/collections\/TRS\/_techrep\/TP-2010-216126.pdf<\/a><\/p>\n\n\n\n<p>3.&nbsp; Julie Chao october 17, 2012<\/p>\n\n\n\n<h1 class=\"has-normal-font-size wp-block-heading\">\u201cElevated Indoor Carbon Dioxide Impairs Decision-Making Performance\u201d<\/h1>\n\n\n\n<p><a href=\"https:\/\/newscenter.lbl.gov\/2012\/10\/17\/elevated-indoor-carbon-dioxide-impairs-decision-making-performance\/\">https:\/\/newscenter.lbl.gov\/2012\/10\/17\/elevated-indoor-carbon-dioxide-impairs-decision-making-performance<\/a><\/p>\n\n\n\n<p>4. site officiel du projet EXPE-smarthouse<\/p>\n\n\n\n<p><a href=\"http:\/\/expe-smarthouse.duckdns.org\/?page_id=7&amp;lang=en\">http:\/\/expe-smarthouse.duckdns.org\/?page_id=7&amp;lang=en<\/a><\/p>\n\n\n\n<p>5. capteur Netatmo<\/p>\n\n\n\n<p><a href=\"https:\/\/www.netatmo.com\/fr-fr\/weather\/weatherstation\/specifications\">https:\/\/www.netatmo.com\/fr-fr\/weather\/weatherstation\/specifications<\/a><\/p>\n\n\n\n<p>6. &nbsp;P. Batog, M. Badura, Dynamic of Changes in Carbon Dioxide Concentration in Bedrooms, 11th International Conference on Modern Building Materials, Structures and Techniques, MBMST 2013, Procedia Engineering 57 ( 2013 ) 175 \u2013 182<\/p>\n\n\n\n<p>7. CO2 \u00e9mis en fonction de l\u2019alimentation<\/p>\n\n\n\n<p><a href=\"http:\/\/hyperphysics.phy-astr.gsu.edu\/hbase\/Biology\/metab.html\">http:\/\/hyperphysics.phy-astr.gsu.edu\/hbase\/Biology\/metab.html<\/a><\/p>\n","protected":false},"excerpt":{"rendered":"<p>Written by Marco Autiero, ENSE3 groupe Grenoble INP, marco.autiero@grenoble-inp.org RESUME Dans le cadre de cette derni\u00e8re p\u00e9riode, les personnes ont&hellip;<\/p>\n","protected":false},"author":1,"featured_media":1659,"comment_status":"open","ping_status":"open","sticky":false,"template":"","format":"standard","meta":{"footnotes":""},"categories":[60],"tags":[80],"class_list":["post-1652","post","type-post","status-publish","format-standard","has-post-thumbnail","hentry","category-bureaux-detudes","tag-bureaux-detude"],"_links":{"self":[{"href":"https:\/\/miniprojets.net\/index.php\/wp-json\/wp\/v2\/posts\/1652","targetHints":{"allow":["GET"]}}],"collection":[{"href":"https:\/\/miniprojets.net\/index.php\/wp-json\/wp\/v2\/posts"}],"about":[{"href":"https:\/\/miniprojets.net\/index.php\/wp-json\/wp\/v2\/types\/post"}],"author":[{"embeddable":true,"href":"https:\/\/miniprojets.net\/index.php\/wp-json\/wp\/v2\/users\/1"}],"replies":[{"embeddable":true,"href":"https:\/\/miniprojets.net\/index.php\/wp-json\/wp\/v2\/comments?post=1652"}],"version-history":[{"count":0,"href":"https:\/\/miniprojets.net\/index.php\/wp-json\/wp\/v2\/posts\/1652\/revisions"}],"wp:featuredmedia":[{"embeddable":true,"href":"https:\/\/miniprojets.net\/index.php\/wp-json\/wp\/v2\/media\/1659"}],"wp:attachment":[{"href":"https:\/\/miniprojets.net\/index.php\/wp-json\/wp\/v2\/media?parent=1652"}],"wp:term":[{"taxonomy":"category","embeddable":true,"href":"https:\/\/miniprojets.net\/index.php\/wp-json\/wp\/v2\/categories?post=1652"},{"taxonomy":"post_tag","embeddable":true,"href":"https:\/\/miniprojets.net\/index.php\/wp-json\/wp\/v2\/tags?post=1652"}],"curies":[{"name":"wp","href":"https:\/\/api.w.org\/{rel}","templated":true}]}}